{"id":11740,"date":"2024-03-16T08:00:00","date_gmt":"2024-03-16T11:00:00","guid":{"rendered":"https:\/\/noticiasdocentro.com.br\/?p=11740"},"modified":"2026-01-25T19:21:30","modified_gmt":"2026-01-25T22:21:30","slug":"nova-era","status":"publish","type":"post","link":"https:\/\/escritosindependentes.com\/?p=11740","title":{"rendered":"Nova Era"},"content":{"rendered":"\n<p>Queridos Leitores,<\/p>\n\n\n\n<p>Que semana louca eu tive, mas sempre reservo um tempo para escrever essa coluna, e hoje resolvi falar de uma nova era, talvez<span class=\"Apple-converted-space\">&nbsp; <\/span>porque semana passada eu mostrei Londres num momento hist\u00f3rico da pandemia e essa semana quero mostrar outro momento assim, que mexe comigo.<\/p>\n\n\n\n<p>Acredito que aos poucos eu estava ressurgindo das cinzas, era come\u00e7o de Maio, j\u00e1 tinha recebido o convite para escrever essa coluna, minhas id\u00e9ias come\u00e7aram a borbulhar e sim, posso dizer que foi o come\u00e7o de uma nova era na minha vida!<\/p>\n\n\n\n<p>Mas na verdade eu quero falar da nova era que come\u00e7ou aqui nesse pa\u00eds e de uma certa maneira para o mundo. Com a partida da Rainha Elizabeth II imediatamente come\u00e7ou o reinado do Rei Charles III e que em maio de 2023 foi coroado. Em 8 de Setembro de 2022, quando a Rainha descansou, todo mundo come\u00e7ou a especular sobre a fam\u00edlia real, e perguntar se seu herdeiro poderia ter um reinado t\u00e3o glorioso quanto o de sua m\u00e3e, e apesar de ele j\u00e1 ser bem coroa, foi sim o come\u00e7o de uma nova era e que s\u00f3 p\u00f4de ser comemorada meses depois, e<span class=\"Apple-converted-space\">\u00a0 <\/span>consolidar os novos Rei e Rainha com a coroa\u00e7\u00e3o!<\/p>\n\n\n\n<p>Aqui nunca, (digo nunca mesmo), tem feriado. S\u00f3 existem 2 dias em todo o ano em que tudo fecha, um \u00e9 o dia de Natal que nem transporte p\u00fablico funciona e o outro \u00e9 o domingo de p\u00e1scoa que o com\u00e9rcio fecha, mesmo assim, por existir uma popula\u00e7\u00e3o de n\u00e3o crist\u00e3os, eles continuam abrindo seus neg\u00f3cios, mas mesmo assim muito pouco. Ent\u00e3o, para eles decretarem feriado \u00e9 porque \u00e9 um evento muito importante, por\u00e9m s\u00f3 naquele ano. No ano que o Pr\u00edncipe William se casou, teve um final de semana de feriado. Nesses feriados assim, as lojas abrem mas com hor\u00e1rio de domingo e quem trabalha ganha dobrado.<\/p>\n\n\n\n<p>N\u00e3o foi diferente para a coroa\u00e7\u00e3o do rei. A cidade come\u00e7a a encher de turistas logo no come\u00e7o da semana. As arruma\u00e7\u00f5es e planejamentos na cidade come\u00e7am a serem vistos e executados. A cidade fica mais policiada, mas o mais legal \u00e9<span class=\"Apple-converted-space\">&nbsp; <\/span>sentir a atmosfera de festa no ar. E isso \u00e9 o mais contagiante. Com meus olhos ingleses, me sinto patriota e orgulhosa de ser s\u00fadita de um novo Rei.<span class=\"Apple-converted-space\">&nbsp; <\/span>Com meus olhos brasileiros vejo com curiosidade essa festa, as tradi\u00e7\u00f5es e como os ingleses veem tudo isso\u2026 Muitos se dizem contra a monarquia, mas acampam na rua pra ter um lugar que possa ver melhor e no futuro dizer: \u2018quando eu tinha tantos anos, fui com meus pais acampar na rua para ver o rei coroado passar!\u2019<\/p>\n\n\n\n<p>Tinha me programado para ir na sexta-feira, ver a cidade em festa, as arruma\u00e7\u00f5es,<span class=\"Apple-converted-space\">\u00a0<\/span>sentir o clima e fotografar, para poder dizer: \u2018na v\u00e9spera da coroa\u00e7\u00e3o eu estive l\u00e1!\u2019. Por\u00e9m um outro motivo surgiu: a chance de protestar contra o presidente do Brasil, tinha que fazer a minha parte. Vesti-me de azul, coloquei meu colar da bandeira<span class=\"Apple-converted-space\">\u00a0 <\/span>e com minha c\u00e2mera em punho l\u00e1 vou eu ser patriota pelo Brasil e ser patriota pelo Reino Unido.<\/p>\n\n\n\n<p>J\u00e1 sa\u00ed de casa \u2018fatigada\u2019, pois os medicamentos causam essa fatiga, e o stress ajuda a piorar, por\u00e9m<span class=\"Apple-converted-space\">&nbsp; <\/span>mais uma vez, pelas ruas de Londres, dessa vez super lotadas, eu me senti livre para poder gritar a verdade pelo Brasil,<span class=\"Apple-converted-space\">&nbsp; <\/span>livre para comemorar a coroa\u00e7\u00e3o do rei<span class=\"Apple-converted-space\">&nbsp; <\/span>e livre para fotografar as belezas dessa cidade, num momento bem diferente, de novo!<\/p>\n\n\n\n<p>Continuo acreditando que a liberdade \u00e9 o bem mais precioso que temos na vida, e poder expressar, protestar ou comemorar faz parte dela! Toda semana comemoro essa minha nova era de ser colunista e que al\u00e9m de poder me expressar posso mostrar o quanto a fotografia e meus poemas s\u00e3o parte de mim, n\u00e3o s\u00f3 de agora, mas desde que me entendo por gente!<\/p>\n\n\n\n<p>Nesse dia senti orgulho de gritar: Long Live the King! ( Viva o Rei!)<\/p>\n\n\n\n<p>Deixo voc\u00eas com as fotos de Londres nessa v\u00e9spera da coroa\u00e7\u00e3o e minha poesia!<\/p>\n\n\n\n<p>At\u00e9 a Pr\u00f3xima<\/p>\n\n\n\n<p>A\u00edda<\/p>\n\n\n\n<figure class=\"wp-block-image size-large\"><img decoding=\"async\" src=\"https:\/\/escritosindependentes.wordpress.com\/wp-content\/uploads\/2025\/11\/f1e63-01_foto-1.jpg?w=1024&amp;h=576\" alt=\"\" class=\"wp-image-11767\" \/><figcaption class=\"wp-element-caption\">A caminho do protesto as costas do Memorial de Guerra da Guarda da Crimeia<\/figcaption><\/figure>\n\n\n\n<figure class=\"wp-block-image size-large\"><img decoding=\"async\" src=\"https:\/\/escritosindependentes.wordpress.com\/wp-content\/uploads\/2025\/11\/5f1df-02_foto-3.jpg?w=1024&amp;h=576\" alt=\"\" class=\"wp-image-11768\" \/><figcaption class=\"wp-element-caption\">Do outro lado da rua o protesto dispersando<\/figcaption><\/figure>\n\n\n\n<figure class=\"wp-block-image size-large\"><img decoding=\"async\" src=\"https:\/\/escritosindependentes.wordpress.com\/wp-content\/uploads\/2025\/11\/d583d-03_foto-3.jpg?w=1024&amp;h=576\" alt=\"\" class=\"wp-image-11769\" \/><figcaption class=\"wp-element-caption\">A rua das casas do parlamento<\/figcaption><\/figure>\n\n\n\n<figure class=\"wp-block-image size-large\"><img decoding=\"async\" src=\"https:\/\/escritosindependentes.wordpress.com\/wp-content\/uploads\/2025\/11\/7a066-04_foto-3.jpg?w=1024&amp;h=576\" alt=\"\" class=\"wp-image-11770\" \/><figcaption class=\"wp-element-caption\">Ao fundo a ponta da torre do Big Ben<\/figcaption><\/figure>\n\n\n\n<figure class=\"wp-block-image size-large\"><img decoding=\"async\" src=\"https:\/\/escritosindependentes.wordpress.com\/wp-content\/uploads\/2025\/11\/6c1e7-05_foto-3.jpg?w=1024&amp;h=576\" alt=\"\" class=\"wp-image-11771\" \/><figcaption class=\"wp-element-caption\">Decora\u00e7\u00e3o para a coroa\u00e7\u00e3o na foto da esquerda e na foto da direita a torre das casas do parlamento<\/figcaption><\/figure>\n\n\n\n<figure class=\"wp-block-image size-large\"><img decoding=\"async\" src=\"https:\/\/escritosindependentes.wordpress.com\/wp-content\/uploads\/2025\/11\/0b549-06_foto-3.jpg?w=1024&amp;h=576\" alt=\"\" class=\"wp-image-11772\" \/><figcaption class=\"wp-element-caption\">&#8216;Downing Street&#8217; o endere\u00e7o do primeiro ministro e onde aconteceu o protesto dos brasileiros<\/figcaption><\/figure>\n\n\n\n<figure class=\"wp-block-image size-large\"><img decoding=\"async\" src=\"https:\/\/escritosindependentes.wordpress.com\/wp-content\/uploads\/2025\/11\/84289-07_foto-3.jpg?w=1024&amp;h=576\" alt=\"\" class=\"wp-image-11773\" \/><figcaption class=\"wp-element-caption\">Come\u00e7ando minhas andan\u00e7as, me deparo com essa cena!<\/figcaption><\/figure>\n\n\n\n<figure class=\"wp-block-image size-large\"><img decoding=\"async\" src=\"https:\/\/escritosindependentes.wordpress.com\/wp-content\/uploads\/2025\/11\/80cde-08_foto-3.jpg?w=1024&amp;h=576\" alt=\"\" class=\"wp-image-11774\" \/><figcaption class=\"wp-element-caption\">Memorial das mulheres da Segunda Guerra<\/figcaption><\/figure>\n\n\n\n<figure class=\"wp-block-image size-large\"><img decoding=\"async\" src=\"https:\/\/escritosindependentes.wordpress.com\/wp-content\/uploads\/2025\/11\/7ace4-09_foto-3.jpg?w=1024&amp;h=576\" alt=\"\" class=\"wp-image-11775\" \/><figcaption class=\"wp-element-caption\">\u00c0 esquerda, detalhe do poste da Pra\u00e7a de Trafalgar e \u00e0 direita a est\u00e1tua do Duque de Wellington<\/figcaption><\/figure>\n\n\n\n<figure class=\"wp-block-image size-large\"><img decoding=\"async\" src=\"https:\/\/escritosindependentes.wordpress.com\/wp-content\/uploads\/2025\/11\/e613e-10_foto-3.jpg?w=1024&amp;h=576\" alt=\"\" class=\"wp-image-11776\" \/><figcaption class=\"wp-element-caption\">Pr\u00e9dio do Antigo Escrit\u00f3rio de Guerra e um c\u00e9u de dar \u00e1gua na boca!<\/figcaption><\/figure>\n\n\n\n<figure class=\"wp-block-image size-large\"><img decoding=\"async\" src=\"https:\/\/escritosindependentes.wordpress.com\/wp-content\/uploads\/2025\/11\/37925-11_foto-2.jpg?w=1024&amp;h=576\" alt=\"\" class=\"wp-image-11777\" \/><figcaption class=\"wp-element-caption\">Viva o Rei!<\/figcaption><\/figure>\n\n\n\n<figure class=\"wp-block-image size-large\"><img decoding=\"async\" src=\"https:\/\/escritosindependentes.wordpress.com\/wp-content\/uploads\/2025\/11\/591fb-12_foto-2.jpg?w=1024&amp;h=576\" alt=\"\" class=\"wp-image-11778\" \/><figcaption class=\"wp-element-caption\">Eu no pub, tive que tomar uma IPA pra enganar o cansa\u00e7o! rsrs<\/figcaption><\/figure>\n\n\n\n<figure class=\"wp-block-image size-large\"><img decoding=\"async\" src=\"https:\/\/escritosindependentes.wordpress.com\/wp-content\/uploads\/2025\/11\/c8365-13_foto-2.jpg?w=1024&amp;h=576\" alt=\"\" class=\"wp-image-11779\" \/><figcaption class=\"wp-element-caption\">O Pub que fui, perto da Pra\u00e7a de Trafalgar e mais um acampamento bem na frente do pub!<\/figcaption><\/figure>\n\n\n\n<figure class=\"wp-block-image size-large\"><img decoding=\"async\" src=\"https:\/\/escritosindependentes.wordpress.com\/wp-content\/uploads\/2025\/11\/55439-14_foto-2.jpg?w=1024&amp;h=576\" alt=\"\" class=\"wp-image-11780\" \/><figcaption class=\"wp-element-caption\">Parada para entrar no clima da festa<\/figcaption><\/figure>\n\n\n\n<figure class=\"wp-block-image size-large\"><img decoding=\"async\" src=\"https:\/\/escritosindependentes.wordpress.com\/wp-content\/uploads\/2025\/11\/8271f-15_foto-2.jpg?w=1024&amp;h=576\" alt=\"\" class=\"wp-image-11781\" \/><figcaption class=\"wp-element-caption\">As fontes da Pra\u00e7a de Trafalgar<\/figcaption><\/figure>\n\n\n\n<figure class=\"wp-block-image size-large\"><img decoding=\"async\" src=\"https:\/\/escritosindependentes.wordpress.com\/wp-content\/uploads\/2025\/11\/08fd4-16_foto-2.jpg?w=1024&amp;h=576\" alt=\"\" class=\"wp-image-11783\" \/><figcaption class=\"wp-element-caption\">Uma delas mais de perto<\/figcaption><\/figure>\n\n\n\n<figure class=\"wp-block-image size-large\"><img decoding=\"async\" src=\"https:\/\/escritosindependentes.wordpress.com\/wp-content\/uploads\/2025\/11\/1f692-17_foto-2.jpg?w=1024&amp;h=576\" alt=\"\" class=\"wp-image-11784\" \/><figcaption class=\"wp-element-caption\">Torre da igreja St. Martin-in-the fields (S\u00e3o Martino nos Campos)<\/figcaption><\/figure>\n\n\n\n<figure class=\"wp-block-image size-large\"><img decoding=\"async\" src=\"https:\/\/escritosindependentes.wordpress.com\/wp-content\/uploads\/2025\/11\/fd3e9-18_foto-1.jpg?w=1024&amp;h=576\" alt=\"\" class=\"wp-image-11785\" \/><figcaption class=\"wp-element-caption\">A coluna de Nelson que na frente da pra\u00e7a &#8216;olhando&#8217; para o Pal\u00e1cio de Buckingham<\/figcaption><\/figure>\n\n\n\n<figure class=\"wp-block-image size-large\"><img decoding=\"async\" src=\"https:\/\/escritosindependentes.wordpress.com\/wp-content\/uploads\/2025\/11\/33203-19_foto-1.jpg?w=1024&amp;h=576\" alt=\"\" class=\"wp-image-11786\" \/><figcaption class=\"wp-element-caption\">Mais dois \u00e2ngulos da coluna, brincando com o c\u00e9u e a luz! Nelson foi o comandante que venceu os franceses e espanh\u00f3is, que se juntaram contra a Inglaterra, na batalha de Trafalgar<\/figcaption><\/figure>\n\n\n\n<figure class=\"wp-block-image size-large\"><img decoding=\"async\" src=\"https:\/\/escritosindependentes.wordpress.com\/wp-content\/uploads\/2025\/11\/e6f58-20_foto-1.jpg?w=1024&amp;h=576\" alt=\"\" class=\"wp-image-11787\" \/><\/figure>\n\n\n\n<p class=\"has-text-align-center\">Viver \u00e9 desabrochar todo dia,<br>\u00c9 sentir o sol esquentar a pele,<br>\u00c9 valorizar tristeza e alegria,<br>E deixar que o vento nos modele<\/p>\n\n\n\n<p class=\"has-text-align-center\">\u00c9 misturar chuva com l\u00e1grima,<br>\u00c9 correr ao encontro,<br>\u00c9 elucidar o enigma,<br>Viver \u00e9 do trov\u00e3o o estrondo!<\/p>\n\n\n\n<p class=\"has-text-align-center\">A\u00edda<\/p>\n\n\n\n<p class=\"has-text-align-center\">19\/06\/23<\/p>\n","protected":false},"excerpt":{"rendered":"<p>Queridos Leitores, Que semana louca eu tive, mas sempre reservo um tempo para escrever essa coluna, e hoje resolvi falar de uma nova era, talvez&nbsp; porque semana passada eu mostrei Londres num momento hist\u00f3rico da pandemia e essa semana quero mostrar outro momento assim, que mexe comigo. Acredito que aos poucos eu estava ressurgindo das [&hellip;]<\/p>\n","protected":false},"author":2,"featured_media":29732,"comment_status":"open","ping_status":"closed","sticky":false,"template":"","format":"standard","meta":{"footnotes":""},"categories":[3],"tags":[],"class_list":{"0":"post-11740","1":"post","2":"type-post","3":"status-publish","4":"format-standard","5":"has-post-thumbnail","7":"category-poeta-visual-no-nc"},"_links":{"self":[{"href":"https:\/\/escritosindependentes.com\/index.php?rest_route=\/wp\/v2\/posts\/11740","targetHints":{"allow":["GET"]}}],"collection":[{"href":"https:\/\/escritosindependentes.com\/index.php?rest_route=\/wp\/v2\/posts"}],"about":[{"href":"https:\/\/escritosindependentes.com\/index.php?rest_route=\/wp\/v2\/types\/post"}],"author":[{"embeddable":true,"href":"https:\/\/escritosindependentes.com\/index.php?rest_route=\/wp\/v2\/users\/2"}],"replies":[{"embeddable":true,"href":"https:\/\/escritosindependentes.com\/index.php?rest_route=%2Fwp%2Fv2%2Fcomments&post=11740"}],"version-history":[{"count":0,"href":"https:\/\/escritosindependentes.com\/index.php?rest_route=\/wp\/v2\/posts\/11740\/revisions"}],"wp:featuredmedia":[{"embeddable":true,"href":"https:\/\/escritosindependentes.com\/index.php?rest_route=\/wp\/v2\/media\/29732"}],"wp:attachment":[{"href":"https:\/\/escritosindependentes.com\/index.php?rest_route=%2Fwp%2Fv2%2Fmedia&parent=11740"}],"wp:term":[{"taxonomy":"category","embeddable":true,"href":"https:\/\/escritosindependentes.com\/index.php?rest_route=%2Fwp%2Fv2%2Fcategories&post=11740"},{"taxonomy":"post_tag","embeddable":true,"href":"https:\/\/escritosindependentes.com\/index.php?rest_route=%2Fwp%2Fv2%2Ftags&post=11740"}],"curies":[{"name":"wp","href":"https:\/\/api.w.org\/{rel}","templated":true}]}}